{"id":164,"date":"2019-03-07T14:49:41","date_gmt":"2019-03-07T14:49:41","guid":{"rendered":"http:\/\/waldseebad-beerfelden.de\/?p=164"},"modified":"2019-03-07T14:49:41","modified_gmt":"2019-03-07T14:49:41","slug":"jahreshauptversammlung-beim-arbeitskreis-waldseebad-beerfelden","status":"publish","type":"post","link":"https:\/\/waldseebad-beerfelden.de\/?p=164","title":{"rendered":"Jahreshauptversammlung beim Arbeitskreis Waldseebad Beerfelden"},"content":{"rendered":"<p>Die diesj\u00e4hrige Jahreshauptversammlung des Arbeitskreises Waldseebad findet am<\/p>\n<p style=\"text-align: center;\"><strong>Montag, den 18. M\u00e4rz 2019 um 20.00 Uhr<\/strong><br \/>\n<strong>im Gasthaus \u201eLagger\u201c in Beerfelden statt.<\/strong><\/p>\n<p>Die Tagesordnung sieht folgende Punkte vor:<\/p>\n<ul>\n<li>Begr\u00fc\u00dfung<\/li>\n<li>Jahresbericht 2018<\/li>\n<li>Kassenbericht 2018<\/li>\n<li>Bericht der Kassenpr\u00fcfer<\/li>\n<li>Entlastung des Vorstandes<\/li>\n<li>Neuwahl des Vorstandes<\/li>\n<li>Neuwahl eines Kassenpr\u00fcfers<\/li>\n<li>Antr\u00e4ge (m\u00fcssen bis 11.03.2019 bei der 1. Vorsitzenden vorliegen)<\/li>\n<li>Verschiedenes<\/li>\n<\/ul>\n<p>Wir hoffen, m\u00f6glichst viele Mitglieder und Freunde des Arbeitskreises Waldseebad begr\u00fc\u00dfen zu d\u00fcrfen.<\/p>\n<p>Der Vorstand<\/p>\n","protected":false},"excerpt":{"rendered":"<p>Die diesj\u00e4hrige Jahreshauptversammlung des Arbeitskreises Waldseebad findet am Montag, den 18. M\u00e4rz 2019 um 20.00 Uhr im Gasthaus \u201eLagger\u201c in Beerfelden statt. Die Tagesordnung sieht folgende Punkte vor: Begr\u00fc\u00dfung Jahresbericht 2018 Kassenbericht 2018 Bericht der Kassenpr\u00fcfer Entlastung des Vorstandes Neuwahl des Vorstandes Neuwahl eines Kassenpr\u00fcfers Antr\u00e4ge (m\u00fcssen bis 11.03.2019 bei der 1. Vorsitzenden vorliegen) Verschiedenes [&hellip;]<\/p>\n","protected":false},"author":3,"featured_media":0,"comment_status":"closed","ping_status":"closed","sticky":false,"template":"","format":"standard","meta":{"footnotes":""},"categories":[1],"tags":[],"class_list":["post-164","post","type-post","status-publish","format-standard","hentry","category-uncategorized"],"_links":{"self":[{"href":"https:\/\/waldseebad-beerfelden.de\/index.php?rest_route=\/wp\/v2\/posts\/164","targetHints":{"allow":["GET"]}}],"collection":[{"href":"https:\/\/waldseebad-beerfelden.de\/index.php?rest_route=\/wp\/v2\/posts"}],"about":[{"href":"https:\/\/waldseebad-beerfelden.de\/index.php?rest_route=\/wp\/v2\/types\/post"}],"author":[{"embeddable":true,"href":"https:\/\/waldseebad-beerfelden.de\/index.php?rest_route=\/wp\/v2\/users\/3"}],"replies":[{"embeddable":true,"href":"https:\/\/waldseebad-beerfelden.de\/index.php?rest_route=%2Fwp%2Fv2%2Fcomments&post=164"}],"version-history":[{"count":1,"href":"https:\/\/waldseebad-beerfelden.de\/index.php?rest_route=\/wp\/v2\/posts\/164\/revisions"}],"predecessor-version":[{"id":165,"href":"https:\/\/waldseebad-beerfelden.de\/index.php?rest_route=\/wp\/v2\/posts\/164\/revisions\/165"}],"wp:attachment":[{"href":"https:\/\/waldseebad-beerfelden.de\/index.php?rest_route=%2Fwp%2Fv2%2Fmedia&parent=164"}],"wp:term":[{"taxonomy":"category","embeddable":true,"href":"https:\/\/waldseebad-beerfelden.de\/index.php?rest_route=%2Fwp%2Fv2%2Fcategories&post=164"},{"taxonomy":"post_tag","embeddable":true,"href":"https:\/\/waldseebad-beerfelden.de\/index.php?rest_route=%2Fwp%2Fv2%2Ftags&post=164"}],"curies":[{"name":"wp","href":"https:\/\/api.w.org\/{rel}","templated":true}]}}